{"id":1114,"date":"2012-11-11T21:26:47","date_gmt":"2012-11-11T20:26:47","guid":{"rendered":"http:\/\/www.lecker-backen.de\/blog\/?p=1114"},"modified":"2012-11-11T21:26:47","modified_gmt":"2012-11-11T20:26:47","slug":"linzer-tortchen","status":"publish","type":"post","link":"http:\/\/www.lecker-backen.de\/blog\/?p=1114","title":{"rendered":"Linzer T\u00f6rtchen"},"content":{"rendered":"<div class=\"pdfprnt-buttons pdfprnt-buttons-post pdfprnt-top-right\"><a href=\"http:\/\/www.lecker-backen.de\/blog\/index.php?rest_route=%2Fwp%2Fv2%2Fposts%2F1114&print=print\" class=\"pdfprnt-button pdfprnt-button-print\" target=\"_blank\" ><\/a><\/div><p><a href=\"http:\/\/www.lecker-backen.de\/blog\/wp-content\/uploads\/2012\/11\/linzer-toertchen.jpg\"><img loading=\"lazy\" decoding=\"async\" class=\"alignright size-full wp-image-1115\" title=\"linzer-toertchen\" src=\"http:\/\/www.lecker-backen.de\/blog\/wp-content\/uploads\/2012\/11\/linzer-toertchen.jpg\" alt=\"\" width=\"300\" height=\"273\" \/><\/a><br \/>\n<span style=\"text-decoration: underline;\"><strong>Zutaten:<\/strong><\/span><br \/>\n375 g Mehl<br \/>\n250 g Zucker<br \/>\n250 g Mandeln<br \/>\n250 g Butter oder Margarine<br \/>\nabgeriebene Schale einer Zitrone<br \/>\n1 P\u00e4ckchen Vanillinzucker<br \/>\n1 Prise Salz<br \/>\n2 Eier<\/p>\n<p><span style=\"text-decoration: underline;\"><strong>Au\u00dferdem:<\/strong><\/span><br \/>\n1 Eiwei\u00df<br \/>\nHagelzucker<br \/>\nrote Marmelade<\/p>\n<p><span style=\"text-decoration: underline;\"><strong>Zubereitung:<\/strong><\/span><br \/>\nF\u00fcr den Teig alle Zutaten miteinander zu einem geschmeidigen Teig verkneten. Teig zu einer Kugel formen und in Frischhaltefolie gewickelt f\u00fcr 1 Stunde in den K\u00fchlschrank stellen.<br \/>\nAnschlie\u00dfend den Teig etwa 4 mm dick ausrollen. Von der H\u00e4lfte runde Pl\u00e4tzchen, vom restlichen Teig Ringe ausstechen. Die Ringe mit Eiwei\u00df bestreichen und mit Hagelzucker bestreuen.<br \/>\nIm vorgeheizten Backofen bei 180-200\u00b0C etwa 8-12 Minuten goldgelb backen.<br \/>\nAnschlie\u00dfend die Pl\u00e4tzchen mit Marmelade bestreichen und die Ringe darauf setzen.<\/p>\n","protected":false},"excerpt":{"rendered":"<p>Zutaten: 375 g Mehl 250 g Zucker 250 g Mandeln 250 g Butter oder Margarine abgeriebene Schale einer Zitrone 1 P\u00e4ckchen Vanillinzucker 1 Prise Salz 2 Eier Au\u00dferdem: 1 Eiwei\u00df Hagelzucker rote Marmelade Zubereitung: F\u00fcr den Teig alle Zutaten miteinander zu einem geschmeidigen Teig verkneten. Teig zu einer Kugel formen und in Frischhaltefolie gewickelt f\u00fcr [&hellip;]<\/p>\n","protected":false},"author":1,"featured_media":1116,"comment_status":"open","ping_status":"open","sticky":false,"template":"","format":"standard","meta":{"wprm-recipe-roundup-name":"","wprm-recipe-roundup-description":"","footnotes":""},"categories":[693,702],"tags":[412,291,254,356,446,285,255,26],"class_list":["post-1114","post","type-post","status-publish","format-standard","has-post-thumbnail","hentry","category-saison","category-weihnachten","tag-adventsgeback","tag-gefullte-platzchen","tag-kaffeetafel","tag-marmelade","tag-marmeladeplatzchen","tag-murbeteig","tag-platzchen","tag-weihnachten"],"_links":{"self":[{"href":"http:\/\/www.lecker-backen.de\/blog\/index.php?rest_route=\/wp\/v2\/posts\/1114","targetHints":{"allow":["GET"]}}],"collection":[{"href":"http:\/\/www.lecker-backen.de\/blog\/index.php?rest_route=\/wp\/v2\/posts"}],"about":[{"href":"http:\/\/www.lecker-backen.de\/blog\/index.php?rest_route=\/wp\/v2\/types\/post"}],"author":[{"embeddable":true,"href":"http:\/\/www.lecker-backen.de\/blog\/index.php?rest_route=\/wp\/v2\/users\/1"}],"replies":[{"embeddable":true,"href":"http:\/\/www.lecker-backen.de\/blog\/index.php?rest_route=%2Fwp%2Fv2%2Fcomments&post=1114"}],"version-history":[{"count":1,"href":"http:\/\/www.lecker-backen.de\/blog\/index.php?rest_route=\/wp\/v2\/posts\/1114\/revisions"}],"predecessor-version":[{"id":1117,"href":"http:\/\/www.lecker-backen.de\/blog\/index.php?rest_route=\/wp\/v2\/posts\/1114\/revisions\/1117"}],"wp:featuredmedia":[{"embeddable":true,"href":"http:\/\/www.lecker-backen.de\/blog\/index.php?rest_route=\/wp\/v2\/media\/1116"}],"wp:attachment":[{"href":"http:\/\/www.lecker-backen.de\/blog\/index.php?rest_route=%2Fwp%2Fv2%2Fmedia&parent=1114"}],"wp:term":[{"taxonomy":"category","embeddable":true,"href":"http:\/\/www.lecker-backen.de\/blog\/index.php?rest_route=%2Fwp%2Fv2%2Fcategories&post=1114"},{"taxonomy":"post_tag","embeddable":true,"href":"http:\/\/www.lecker-backen.de\/blog\/index.php?rest_route=%2Fwp%2Fv2%2Ftags&post=1114"}],"curies":[{"name":"wp","href":"https:\/\/api.w.org\/{rel}","templated":true}]}}