{"id":1766,"date":"2017-11-18T15:28:53","date_gmt":"2017-11-18T14:28:53","guid":{"rendered":"http:\/\/www.lecker-backen.de\/blog\/?p=1766"},"modified":"2017-05-25T15:33:24","modified_gmt":"2017-05-25T13:33:24","slug":"wespennester","status":"publish","type":"post","link":"http:\/\/www.lecker-backen.de\/blog\/?p=1766","title":{"rendered":"Wespennester"},"content":{"rendered":"<div class=\"pdfprnt-buttons pdfprnt-buttons-post pdfprnt-top-right\"><a href=\"http:\/\/www.lecker-backen.de\/blog\/index.php?rest_route=%2Fwp%2Fv2%2Fposts%2F1766&print=print\" class=\"pdfprnt-button pdfprnt-button-print\" target=\"_blank\" ><\/a><\/div><p><a href=\"http:\/\/www.lecker-backen.de\/blog\/wp-content\/uploads\/2017\/05\/wespennester-1.jpg\"><img loading=\"lazy\" decoding=\"async\" class=\"alignright size-full wp-image-1768\" src=\"http:\/\/www.lecker-backen.de\/blog\/wp-content\/uploads\/2017\/05\/wespennester-1.jpg\" alt=\"\" width=\"309\" height=\"208\" srcset=\"http:\/\/www.lecker-backen.de\/blog\/wp-content\/uploads\/2017\/05\/wespennester-1.jpg 309w, http:\/\/www.lecker-backen.de\/blog\/wp-content\/uploads\/2017\/05\/wespennester-1-300x202.jpg 300w\" sizes=\"auto, (max-width: 309px) 100vw, 309px\" \/><\/a><\/p>\n<p><strong>Zutaten:<\/strong><br \/>\n150 g gehackte Mandeln<br \/>\n2 Eiwei\u00df<br \/>\n100 g Zucker<br \/>\n1 Teel\u00f6ffel Vanillinzucker<br \/>\n1 Prise Zimt<br \/>\n50 g Zartbitterschokolade<br \/>\nOblaten (50 mm Durchmesser)<\/p>\n<p><strong>Au\u00dferdem:<\/strong><br \/>\nabgezogene Mandeln<br \/>\nKuvert\u00fcre zum Verzieren<\/p>\n<p><strong>Zubereitung:<\/strong><br \/>\nDie Mandeln in einer Pfanne r\u00f6sten und abk\u00fchlen lassen. Eiwei\u00df mit dem Zucker, dem Vanillinzucker und dem Zimt steif schlagen.<br \/>\nDie Schokolade fein reiben und mit den Mandeln unter die Eiwei\u00dfmasse heben.<br \/>\nDie Masse auf die Oblaten streichen und je mit einer ganzen Mandel belegen.<br \/>\nIm vorgeheizten Backofen bei 160\u00b0C etwa 15 Minuten backen. Aus dem Ofen nehmen und abk\u00fchlen lassen.<br \/>\nKuvert\u00fcre schmelzen und d\u00fcnne Linien auf die Mandel (Wespe) zeichnen.<\/p>\n<p>\u00a9 lecker-backen.de<\/p>\n","protected":false},"excerpt":{"rendered":"<p>Zutaten: 150 g gehackte Mandeln 2 Eiwei\u00df 100 g Zucker 1 Teel\u00f6ffel Vanillinzucker 1 Prise Zimt 50 g Zartbitterschokolade Oblaten (50 mm Durchmesser) Au\u00dferdem: abgezogene Mandeln Kuvert\u00fcre zum Verzieren Zubereitung: Die Mandeln in einer Pfanne r\u00f6sten und abk\u00fchlen lassen. Eiwei\u00df mit dem Zucker, dem Vanillinzucker und dem Zimt steif schlagen. Die Schokolade fein reiben und [&hellip;]<\/p>\n","protected":false},"author":1,"featured_media":1767,"comment_status":"open","ping_status":"open","sticky":false,"template":"","format":"standard","meta":{"wprm-recipe-roundup-name":"","wprm-recipe-roundup-description":"","footnotes":""},"categories":[693,702],"tags":[412,181,299,425,124,661,255,67,496,118,228,114],"class_list":["post-1766","post","type-post","status-publish","format-standard","has-post-thumbnail","hentry","category-saison","category-weihnachten","tag-adventsgeback","tag-baiser","tag-eiweis","tag-makronen","tag-mandeln","tag-oblaten","tag-platzchen","tag-vanillinzucker","tag-weihnachtsgebaeck","tag-zartbitterschokolade","tag-zimt","tag-zucker"],"_links":{"self":[{"href":"http:\/\/www.lecker-backen.de\/blog\/index.php?rest_route=\/wp\/v2\/posts\/1766","targetHints":{"allow":["GET"]}}],"collection":[{"href":"http:\/\/www.lecker-backen.de\/blog\/index.php?rest_route=\/wp\/v2\/posts"}],"about":[{"href":"http:\/\/www.lecker-backen.de\/blog\/index.php?rest_route=\/wp\/v2\/types\/post"}],"author":[{"embeddable":true,"href":"http:\/\/www.lecker-backen.de\/blog\/index.php?rest_route=\/wp\/v2\/users\/1"}],"replies":[{"embeddable":true,"href":"http:\/\/www.lecker-backen.de\/blog\/index.php?rest_route=%2Fwp%2Fv2%2Fcomments&post=1766"}],"version-history":[{"count":1,"href":"http:\/\/www.lecker-backen.de\/blog\/index.php?rest_route=\/wp\/v2\/posts\/1766\/revisions"}],"predecessor-version":[{"id":1769,"href":"http:\/\/www.lecker-backen.de\/blog\/index.php?rest_route=\/wp\/v2\/posts\/1766\/revisions\/1769"}],"wp:featuredmedia":[{"embeddable":true,"href":"http:\/\/www.lecker-backen.de\/blog\/index.php?rest_route=\/wp\/v2\/media\/1767"}],"wp:attachment":[{"href":"http:\/\/www.lecker-backen.de\/blog\/index.php?rest_route=%2Fwp%2Fv2%2Fmedia&parent=1766"}],"wp:term":[{"taxonomy":"category","embeddable":true,"href":"http:\/\/www.lecker-backen.de\/blog\/index.php?rest_route=%2Fwp%2Fv2%2Fcategories&post=1766"},{"taxonomy":"post_tag","embeddable":true,"href":"http:\/\/www.lecker-backen.de\/blog\/index.php?rest_route=%2Fwp%2Fv2%2Ftags&post=1766"}],"curies":[{"name":"wp","href":"https:\/\/api.w.org\/{rel}","templated":true}]}}