{"id":921,"date":"2011-12-07T17:48:21","date_gmt":"2011-12-07T16:48:21","guid":{"rendered":"http:\/\/www.lecker-backen.de\/blog\/?p=921"},"modified":"2012-06-26T17:51:21","modified_gmt":"2012-06-26T15:51:21","slug":"heidesand","status":"publish","type":"post","link":"http:\/\/www.lecker-backen.de\/blog\/?p=921","title":{"rendered":"Heidesand"},"content":{"rendered":"<div class=\"pdfprnt-buttons pdfprnt-buttons-post pdfprnt-top-right\"><a href=\"http:\/\/www.lecker-backen.de\/blog\/index.php?rest_route=%2Fwp%2Fv2%2Fposts%2F921&print=print\" class=\"pdfprnt-button pdfprnt-button-print\" target=\"_blank\" ><\/a><\/div><p><a href=\"http:\/\/www.lecker-backen.de\/blog\/wp-content\/uploads\/2012\/06\/heidesand1.jpg\"><img loading=\"lazy\" decoding=\"async\" class=\"alignright size-full wp-image-923\" title=\"heidesand\" src=\"http:\/\/www.lecker-backen.de\/blog\/wp-content\/uploads\/2012\/06\/heidesand1.jpg\" alt=\"\" width=\"300\" height=\"210\" \/><\/a><br \/>\n<span style=\"text-decoration: underline;\"><strong>Zutaten:<\/strong><\/span><br \/>\n250 g Butter<br \/>\n1 Prise Salz<br \/>\n250 g Zucker<br \/>\n1 P\u00e4ckchen Vanillinzucker<br \/>\n375 g Mehl<\/p>\n<p><span style=\"text-decoration: underline;\"><strong>Au\u00dferdem:<\/strong><\/span><br \/>\nRote Konfit\u00fcre<\/p>\n<p><span style=\"text-decoration: underline;\"><strong>Zubereitung:<\/strong><\/span><br \/>\nDie Butter schmelzen und leicht br\u00e4unen.<br \/>\nGut abk\u00fchlen lassen, erst dann schaumig r\u00fchren. Salz, Zucker, Vanillinzucker und Mehl dazugeben (Anfangs die Masse r\u00fchren, sp\u00e4ter kneten).<br \/>\nEine Rolle von 3 &#8211; 4 cm formen und diese kalt stellen.<br \/>\n4 mm dicke Scheiben schneiden, und einen Tupfen rote Konfit\u00fcre in die Mitte geben.<br \/>\nIm vorgeheizten Backofen auf der mittleren Schiene bei 150\u00b0C etwa 15-20 Minuten backen.<\/p>\n","protected":false},"excerpt":{"rendered":"<p>Zutaten: 250 g Butter 1 Prise Salz 250 g Zucker 1 P\u00e4ckchen Vanillinzucker 375 g Mehl Au\u00dferdem: Rote Konfit\u00fcre Zubereitung: Die Butter schmelzen und leicht br\u00e4unen. Gut abk\u00fchlen lassen, erst dann schaumig r\u00fchren. Salz, Zucker, Vanillinzucker und Mehl dazugeben (Anfangs die Masse r\u00fchren, sp\u00e4ter kneten). Eine Rolle von 3 &#8211; 4 cm formen und diese [&hellip;]<\/p>\n","protected":false},"author":1,"featured_media":922,"comment_status":"open","ping_status":"open","sticky":false,"template":"","format":"standard","meta":{"wprm-recipe-roundup-name":"","wprm-recipe-roundup-description":"","footnotes":""},"categories":[702],"tags":[254,329,285,255,26],"class_list":["post-921","post","type-post","status-publish","format-standard","has-post-thumbnail","hentry","category-weihnachten","tag-kaffeetafel","tag-konfiture","tag-murbeteig","tag-platzchen","tag-weihnachten"],"_links":{"self":[{"href":"http:\/\/www.lecker-backen.de\/blog\/index.php?rest_route=\/wp\/v2\/posts\/921","targetHints":{"allow":["GET"]}}],"collection":[{"href":"http:\/\/www.lecker-backen.de\/blog\/index.php?rest_route=\/wp\/v2\/posts"}],"about":[{"href":"http:\/\/www.lecker-backen.de\/blog\/index.php?rest_route=\/wp\/v2\/types\/post"}],"author":[{"embeddable":true,"href":"http:\/\/www.lecker-backen.de\/blog\/index.php?rest_route=\/wp\/v2\/users\/1"}],"replies":[{"embeddable":true,"href":"http:\/\/www.lecker-backen.de\/blog\/index.php?rest_route=%2Fwp%2Fv2%2Fcomments&post=921"}],"version-history":[{"count":2,"href":"http:\/\/www.lecker-backen.de\/blog\/index.php?rest_route=\/wp\/v2\/posts\/921\/revisions"}],"predecessor-version":[{"id":925,"href":"http:\/\/www.lecker-backen.de\/blog\/index.php?rest_route=\/wp\/v2\/posts\/921\/revisions\/925"}],"wp:featuredmedia":[{"embeddable":true,"href":"http:\/\/www.lecker-backen.de\/blog\/index.php?rest_route=\/wp\/v2\/media\/922"}],"wp:attachment":[{"href":"http:\/\/www.lecker-backen.de\/blog\/index.php?rest_route=%2Fwp%2Fv2%2Fmedia&parent=921"}],"wp:term":[{"taxonomy":"category","embeddable":true,"href":"http:\/\/www.lecker-backen.de\/blog\/index.php?rest_route=%2Fwp%2Fv2%2Fcategories&post=921"},{"taxonomy":"post_tag","embeddable":true,"href":"http:\/\/www.lecker-backen.de\/blog\/index.php?rest_route=%2Fwp%2Fv2%2Ftags&post=921"}],"curies":[{"name":"wp","href":"https:\/\/api.w.org\/{rel}","templated":true}]}}